{"id":5668,"date":"2025-04-13T13:47:57","date_gmt":"2025-04-13T05:47:57","guid":{"rendered":"https:\/\/www.rippa.com\/?p=5668"},"modified":"2025-04-06T13:49:24","modified_gmt":"2025-04-06T05:49:24","slug":"countdown-to-the-last-2-days-of-the-canton-fair-rippa-rb06-backhoe-loader-is-coming-opening-a-new-chapter-in-engineering-construction","status":"publish","type":"post","link":"https:\/\/www.rippa.com\/hu\/visszaszamlalas-az-legutolso-2-nap-az-kantoni-vasar-rippa-rb06-hatrakaparo-rakodo-jon-az-uj-fejezet-nyitas-a-gepeszet-epitesben-az-epitesben\/","title":{"rendered":"Visszasz\u00e1ml\u00e1l\u00e1s a kantoni v\u00e1s\u00e1r utols\u00f3 2 napj\u00e1ig | A RIPPA RB06 kotr\u00f3-rakod\u00f3 \u00e9rkezik, \u00faj fejezetet nyitva a m\u00e9rn\u00f6ki \u00e9p\u00edt\u00e9sben"},"content":{"rendered":"<p><span style=\"font-family: arial, helvetica, sans-serif; font-size: 14pt;\">M\u00e1r csak 2 nap van h\u00e1tra a 133. kantoni v\u00e1s\u00e1r megnyit\u00f3j\u00e1ig! Ez a ki\u00e1ll\u00edt\u00e1s a glob\u00e1lis kereskedelmi cser\u00e9k egyik legfontosabb esem\u00e9nye, \u00e9s a glob\u00e1lis v\u00e1s\u00e1rl\u00f3k sz\u00e1m\u00e1ra vonz\u00f3, hogy \u00f6sszegy\u0171ljenek. A RIPPA az A 12.0B08-11-es stand A 12.0B08-11-es ter\u00fclet\u00e9n leny\u0171g\u00f6z\u0151 megjelen\u00e9ssel mutatja be leg\u00fajabb neh\u00e9zs\u00faly\u00fa term\u00e9k\u00e9t, az RB06 kotr\u00f3-rakod\u00f3g\u00e9pet, amely egy rugalmas, hat\u00e9kony \u00e9s megb\u00edzhat\u00f3 \u00faj v\u00e1laszt\u00e1st hoz a g\u00e9pipari g\u00e9pek ter\u00fclet\u00e9re.<\/span><\/p>\n<p><img loading=\"lazy\" decoding=\"async\" class=\"alignnone size-full wp-image-5493\" src=\"\/\/www.rippa.com\/wp-content\/uploads\/2024\/09\/RB06-2.jpg\" alt=\"\" width=\"1920\" height=\"750\" srcset=\"https:\/\/www.rippa.com\/wp-content\/uploads\/2024\/09\/RB06-2.jpg 1920w, https:\/\/www.rippa.com\/wp-content\/uploads\/2024\/09\/RB06-2-768x300.jpg 768w, https:\/\/www.rippa.com\/wp-content\/uploads\/2024\/09\/RB06-2-1536x600.jpg 1536w, https:\/\/www.rippa.com\/wp-content\/uploads\/2024\/09\/RB06-2-18x7.jpg 18w\" sizes=\"auto, (max-width: 1920px) 100vw, 1920px\" \/>\u00a0<span style=\"font-family: arial, helvetica, sans-serif; font-size: 14pt;\">RB06 kotr\u00f3-rakod\u00f3: a sokoldal\u00fas\u00e1g \u00e9s a rugalmass\u00e1g t\u00f6k\u00e9letes kombin\u00e1ci\u00f3ja<\/span><br \/>\n<span style=\"font-family: arial, helvetica, sans-serif; font-size: 14pt;\">Az RB06 kotr\u00f3-rakod\u00f3g\u00e9pet \"mindenes m\u00e9rn\u00f6ki asszisztensk\u00e9nt\" ismerik, \u00e9s t\u00f6bbfunkci\u00f3s ig\u00e9nybev\u00e9teli forgat\u00f3k\u00f6nyvekhez tervezt\u00e9k. Alkalmas f\u00f6ldmunk\u00e1khoz, kommun\u00e1lis m\u00e9rn\u00f6ki munk\u00e1khoz, kert\u00e9p\u00edt\u00e9shez \u00e9s kisebb \u00e9p\u00edt\u00e9si projektekhez. Az al\u00e1bbiakban bemutatjuk, hogy az RB06 hogyan emelkedik ki a piacon:<\/span><\/p>\n<p><span style=\"font-family: arial, helvetica, sans-serif; font-size: 14pt;\">1. Kett\u0151s m\u0171k\u00f6d\u00e9si funkci\u00f3k, kett\u0151s hat\u00e9konys\u00e1g<\/span><br \/>\n<span style=\"font-family: arial, helvetica, sans-serif; font-size: 14pt;\">Az RB06 kotr\u00f3-rakod\u00f3g\u00e9p-rakod\u00f3 a rakod\u00e1si \u00e9s \u00e1s\u00e1si funkci\u00f3kat egyben egyes\u00edtve nemcsak hat\u00e9konyan lap\u00e1tolja az anyagokat, hanem a m\u0171k\u00f6d\u00e9si m\u00f3dok gyors v\u00e1lt\u00e1s\u00e1val pontosan ki is \u00e1ssa az \u00e1rkokat vagy az alapszerkezeteket, \u00edgy val\u00f3ban megval\u00f3s\u00edtja az \"egy g\u00e9p t\u00f6bbf\u00e9le felhaszn\u00e1l\u00e1sra\", \u00e9s jelent\u0151sen jav\u00edtja a projekt hat\u00e9konys\u00e1g\u00e1t.<\/span><\/p>\n<p><span style=\"font-family: arial, helvetica, sans-serif; font-size: 14pt;\">2. Kompakt kialak\u00edt\u00e1s, kis helyen t\u00f6rt\u00e9n\u0151 \u00e9p\u00edt\u00e9sre alkalmas<\/span><br \/>\n<span style=\"font-family: arial, helvetica, sans-serif; font-size: 14pt;\">Az RB06 kicsi \u00e9s rugalmas. Els\u0151 oszt\u00e1ly\u00fa korm\u00e1nyrendszer\u00e9vel \u00e9s kompakt fel\u00e9p\u00edtm\u00e9ny-kialak\u00edt\u00e1s\u00e1val k\u00f6nnyed\u00e9n megbirk\u00f3zik a keskeny s\u00e1vokkal, a v\u00e1rosi projektekkel \u00e9s a zs\u00fafolt \u00e9p\u00edt\u00e9si k\u00f6rnyezetekkel, \u00edgy ide\u00e1lis v\u00e1laszt\u00e1s a korl\u00e1tozottan hozz\u00e1f\u00e9rhet\u0151 helysz\u00edneken v\u00e9gzett munk\u00e1khoz.<\/span><\/p>\n<p><span style=\"font-family: arial, helvetica, sans-serif; font-size: 14pt;\">3. Er\u0151s teljes\u00edtm\u00e9ny, stabil \u00e9s tart\u00f3s<\/span><br \/>\n<span style=\"font-family: arial, helvetica, sans-serif; font-size: 14pt;\">A nagy hat\u00e9konys\u00e1g\u00fa motorral felszerelt RB06 szuper munkateljes\u00edtm\u00e9nnyel rendelkezik, amely nemcsak a hossz\u00fa t\u00e1v\u00fa, nagy terhel\u00e9s\u0171 munk\u00e1val k\u00e9pes k\u00f6nnyen megbirk\u00f3zni, hanem szuper \u00fczemanyag-takar\u00e9koss\u00e1ggal is rendelkezik, ami nagym\u00e9rt\u00e9kben megtakar\u00edtja az \u00fcgyfelek \u00fczemeltet\u00e9si k\u00f6lts\u00e9geit.<\/span><\/p>\n<p><span style=\"font-family: arial, helvetica, sans-serif; font-size: 14pt;\">4. K\u00e9nyelmes m\u0171k\u00f6d\u00e9s \u00e9s k\u00e9nyelmes karbantart\u00e1s<\/span><br \/>\n<span style=\"font-family: arial, helvetica, sans-serif; font-size: 14pt;\">Az RB06 pil\u00f3taf\u00fclk\u00e9je ergonomikus kialak\u00edt\u00e1s\u00fa, k\u00e9nyelmes kezel\u00e9si \u00e9lm\u00e9nyt ny\u00fajt, mik\u00f6zben biztos\u00edtja a vezet\u0151 k\u00e9nyelm\u00e9t. A berendez\u00e9sek karbantart\u00e1si pontjai \u00e9sszer\u0171en vannak elrendezve, a karbantart\u00e1si folyamat egyszer\u0171 \u00e9s k\u00e9nyelmes, ami tov\u00e1bbi id\u0151k\u00f6lts\u00e9get takar\u00edt meg.<\/span><\/p>\n<p><span style=\"font-family: arial, helvetica, sans-serif; font-size: 14pt;\">F\u00f3kuszban a kantoni v\u00e1s\u00e1r: RB06 m\u00e9lt\u00f3 a h\u00edrnev\u00e9hez<\/span><br \/>\n<span style=\"font-family: arial, helvetica, sans-serif; font-size: 14pt;\">A vil\u00e1got tekintve a n\u00f6vekv\u0151 urbaniz\u00e1ci\u00f3s folyamat a t\u00f6bbfunkci\u00f3s kis \u00e9p\u00edt\u0151ipari g\u00e9pek ir\u00e1nti keresletet \u00f6szt\u00f6nzi. Az RB06 a modern \u00e9p\u00edt\u0151ipari k\u00f6rnyezetre optimaliz\u00e1lt, minden ig\u00e9nyt kiel\u00e9g\u00edt\u0151 berendez\u00e9s. A RIPPA sok\u00e9ves technol\u00f3gi\u00e1t \u00e9s tapasztalatot szentelt ennek a kotr\u00f3-rakod\u00f3g\u00e9pnek, rem\u00e9lve, hogy az RB06 seg\u00edts\u00e9g\u00e9vel az \u00fcgyfelek t\u00f6bb \u00e9p\u00edt\u00e9si probl\u00e9m\u00e1val tudnak megbirk\u00f3zni \u00e9s jav\u00edtani tudj\u00e1k az \u00e1ltal\u00e1nos hat\u00e9konys\u00e1got.<\/span><\/p>\n<p><img loading=\"lazy\" decoding=\"async\" class=\"alignnone size-full wp-image-5489\" src=\"\/\/www.rippa.com\/wp-content\/uploads\/2024\/09\/8-56.jpg\" alt=\"\" width=\"1865\" height=\"643\" srcset=\"https:\/\/www.rippa.com\/wp-content\/uploads\/2024\/09\/8-56.jpg 1865w, https:\/\/www.rippa.com\/wp-content\/uploads\/2024\/09\/8-56-768x265.jpg 768w, https:\/\/www.rippa.com\/wp-content\/uploads\/2024\/09\/8-56-1536x530.jpg 1536w, https:\/\/www.rippa.com\/wp-content\/uploads\/2024\/09\/8-56-18x6.jpg 18w\" sizes=\"auto, (max-width: 1865px) 100vw, 1865px\" \/><\/p>\n<p><span style=\"font-family: arial, helvetica, sans-serif; font-size: 14pt;\">A k\u00ednai \u00e9p\u00edt\u0151ipari g\u00e9pgy\u00e1rt\u00e1s egyik fontos ki\u00e1ll\u00edt\u00f3jak\u00e9nt a RIPPA v\u00e1rja, hogy a Kantoni V\u00e1s\u00e1r platformj\u00e1t felhaszn\u00e1lva megmutathassa az RB06 rendk\u00edv\u00fcli erej\u00e9t a glob\u00e1lis \u00fcgyfeleknek. Ak\u00e1r a teljes\u00edtm\u00e9ny, a funkci\u00f3 vagy a k\u00f6lts\u00e9gteljes\u00edtm\u00e9ny tekintet\u00e9ben az RB06 n\u00e9lk\u00fcl\u00f6zhetetlen seg\u00edt\u0151je lesz az \u00d6n projektj\u00e9nek kivitelez\u00e9s\u00e9ben!<\/span><\/p>\n<p><span style=\"font-family: arial, helvetica, sans-serif; font-size: 14pt;\">Az elm\u00falt 2 napban az RB06-ot a kantoni v\u00e1s\u00e1ron mutatj\u00e1k be, \u00fcdv\u00f6z\u00f6lj\u00fck, hogy megtapasztalja azt<\/span><br \/>\n<span style=\"font-family: arial, helvetica, sans-serif; font-size: 14pt;\">A kantoni v\u00e1s\u00e1rig tart\u00f3 visszasz\u00e1ml\u00e1l\u00e1s a sprint szakasz\u00e1ba l\u00e9pett! \u0150szint\u00e9n megh\u00edvjuk \u00d6nt, hogy az A ter\u00fclet 12.0B08-11-es standj\u00e1n\u00e1l megtapasztalja az RB06 kotr\u00f3-rakod\u00f3 sokoldal\u00fas\u00e1g\u00e1t \u00e9s nagy teljes\u00edtm\u00e9ny\u00e9t. A RIPPA m\u0171szaki szak\u00e9rt\u0151i csapata a helysz\u00ednen is v\u00e1laszol a term\u00e9kkel kapcsolatos k\u00e9rd\u00e9seire, \u00e9s szem\u00e9lyre szabott megold\u00e1sokat k\u00edn\u00e1l, hogy az egy\u00fcttm\u0171k\u00f6d\u00e9s jobban megfeleljen az \u00d6n t\u00e9nyleges ig\u00e9nyeinek.<\/span><\/p>\n<p><span style=\"font-family: arial, helvetica, sans-serif; font-size: 14pt;\">El\u0151zetesen t\u00e1j\u00e9koz\u00f3djon:<\/span><br \/>\n<span style=\"font-family: arial, helvetica, sans-serif; font-size: 14pt;\">Bejelentkezhet a RIPPA hivatalos weboldal\u00e1ra, vagy h\u00edvhatja a szerviz forr\u00f3dr\u00f3tot, hogy el\u0151zetesen megismerje az RB06 kotr\u00f3-rakod\u00f3g\u00e9p teljes\u00edtm\u00e9ny\u00e9nek el\u0151nyeit \u00e9s m\u0171szaki param\u00e9tereit. A ki\u00e1ll\u00edt\u00e1si id\u0151 megtakar\u00edt\u00e1sa \u00e9rdek\u00e9ben a hivatalos weboldalon kereszt\u00fcl id\u0151pontot is k\u00e9rhet egy szem\u00e9lyes \u00fczleti t\u00e1rgyal\u00e1sra, megbesz\u00e9lheti csapatunkkal szemt\u0151l szembe az egy\u00fcttm\u0171k\u00f6d\u00e9si tervet, \u00e9s hozz\u00e1adott \u00e9rt\u00e9ket adhat a m\u00e9rn\u00f6ki projektj\u00e9hez.<\/span><\/p>\n<p><span style=\"font-family: arial, helvetica, sans-serif; font-size: 14pt;\">Az RB06 kotr\u00f3-rakod\u00f3 2 nap m\u00falva \u00faj trendeket ind\u00edt el az \u00e9p\u00edt\u0151iparban! Tal\u00e1lkozzunk a kantoni v\u00e1s\u00e1ron, \u00e9s kezdj\u00fck el egy\u00fctt a v\u00e1ltozatos m\u00e9rn\u00f6ki g\u00e9pek j\u00f6v\u0151beli \u00fatj\u00e1t!<\/span><\/p>","protected":false},"excerpt":{"rendered":"<p>Only 2 days left until the opening of the 133rd Canton Fair! As a top event for global trade exchanges, this exhibition will attract global buyers to gather together. RIPPA will bring its latest heavyweight product, the RB06 backhoe loader, to a stunning appearance at booth Area A 12.0B08-11, bringing a flexible, efficient and reliable [&hellip;]<\/p>","protected":false},"author":1,"featured_media":5593,"comment_status":"open","ping_status":"open","sticky":false,"template":"","format":"standard","meta":{"_acf_changed":false,"_seopress_robots_primary_cat":"none","_seopress_titles_title":"","_seopress_titles_desc":"","_seopress_robots_index":"","footnotes":""},"categories":[13],"tags":[],"class_list":["post-5668","post","type-post","status-publish","format-standard","has-post-thumbnail","hentry","category-industry"],"acf":[],"_links":{"self":[{"href":"https:\/\/www.rippa.com\/hu\/wp-json\/wp\/v2\/posts\/5668","targetHints":{"allow":["GET"]}}],"collection":[{"href":"https:\/\/www.rippa.com\/hu\/wp-json\/wp\/v2\/posts"}],"about":[{"href":"https:\/\/www.rippa.com\/hu\/wp-json\/wp\/v2\/types\/post"}],"author":[{"embeddable":true,"href":"https:\/\/www.rippa.com\/hu\/wp-json\/wp\/v2\/users\/1"}],"replies":[{"embeddable":true,"href":"https:\/\/www.rippa.com\/hu\/wp-json\/wp\/v2\/comments?post=5668"}],"version-history":[{"count":0,"href":"https:\/\/www.rippa.com\/hu\/wp-json\/wp\/v2\/posts\/5668\/revisions"}],"wp:featuredmedia":[{"embeddable":true,"href":"https:\/\/www.rippa.com\/hu\/wp-json\/wp\/v2\/media\/5593"}],"wp:attachment":[{"href":"https:\/\/www.rippa.com\/hu\/wp-json\/wp\/v2\/media?parent=5668"}],"wp:term":[{"taxonomy":"category","embeddable":true,"href":"https:\/\/www.rippa.com\/hu\/wp-json\/wp\/v2\/categories?post=5668"},{"taxonomy":"post_tag","embeddable":true,"href":"https:\/\/www.rippa.com\/hu\/wp-json\/wp\/v2\/tags?post=5668"}],"curies":[{"name":"wp","href":"https:\/\/api.w.org\/{rel}","templated":true}]}}